{"id":6460,"date":"2020-02-21T22:01:15","date_gmt":"2020-02-21T22:01:15","guid":{"rendered":"https:\/\/livetoride.es\/2020\/02\/21\/la-importancia-de-lesport-inclusiu-promovent-la-participacio-dels-collectius-mes-vulnerables\/"},"modified":"2024-05-23T08:34:26","modified_gmt":"2024-05-23T08:34:26","slug":"importancia-esport-inclusiu-2","status":"publish","type":"post","link":"https:\/\/livetoride.es\/ca\/2020\/02\/21\/importancia-esport-inclusiu-2\/","title":{"rendered":"La import\u00e0ncia de l&#8217;esport inclusiu: Promovent la participaci\u00f3 dels col\u00b7lectius m\u00e9s vulnerables"},"content":{"rendered":"\t\t<div data-elementor-type=\"wp-post\" data-elementor-id=\"6460\" class=\"elementor elementor-6460 elementor-602\" data-elementor-post-type=\"post\">\n\t\t\t\t\t\t<section class=\"elementor-section elementor-top-section elementor-element elementor-element-5d45720 elementor-section-boxed elementor-section-height-default elementor-section-height-default\" data-id=\"5d45720\" data-element_type=\"section\">\n\t\t\t\t\t\t<div class=\"elementor-container elementor-column-gap-default\">\n\t\t\t\t\t<div class=\"elementor-column elementor-col-100 elementor-top-column elementor-element elementor-element-d9a5b48\" data-id=\"d9a5b48\" data-element_type=\"column\">\n\t\t\t<div class=\"elementor-widget-wrap elementor-element-populated\">\n\t\t\t\t\t\t<div class=\"elementor-element elementor-element-79100a3 elementor-widget elementor-widget-image\" data-id=\"79100a3\" data-element_type=\"widget\" data-widget_type=\"image.default\">\n\t\t\t\t<div class=\"elementor-widget-container\">\n\t\t\t<style>\/*! elementor - v3.21.0 - 20-05-2024 *\/\n.elementor-widget-image{text-align:center}.elementor-widget-image a{display:inline-block}.elementor-widget-image a img[src$=\".svg\"]{width:48px}.elementor-widget-image img{vertical-align:middle;display:inline-block}<\/style>\t\t\t\t\t\t\t\t\t\t<img fetchpriority=\"high\" decoding=\"async\" width=\"1280\" height=\"548\" src=\"https:\/\/livetoride.es\/wp-content\/uploads\/2024\/01\/live-to-ride-nosotros-pol-garcia.webp\" class=\"attachment-full size-full wp-image-5001\" alt=\"Nosotros live to ride Pol Garcia\" srcset=\"https:\/\/livetoride.es\/wp-content\/uploads\/2024\/01\/live-to-ride-nosotros-pol-garcia.webp 1280w, https:\/\/livetoride.es\/wp-content\/uploads\/2024\/01\/live-to-ride-nosotros-pol-garcia-300x128.webp 300w, https:\/\/livetoride.es\/wp-content\/uploads\/2024\/01\/live-to-ride-nosotros-pol-garcia-1024x438.webp 1024w, https:\/\/livetoride.es\/wp-content\/uploads\/2024\/01\/live-to-ride-nosotros-pol-garcia-768x329.webp 768w\" sizes=\"(max-width: 1280px) 100vw, 1280px\" \/>\t\t\t\t\t\t\t\t\t\t\t\t\t<\/div>\n\t\t\t\t<\/div>\n\t\t\t\t<div class=\"elementor-element elementor-element-44d3e41 elementor-widget elementor-widget-heading\" data-id=\"44d3e41\" data-element_type=\"widget\" data-widget_type=\"heading.default\">\n\t\t\t\t<div class=\"elementor-widget-container\">\n\t\t\t<style>\/*! elementor - v3.21.0 - 20-05-2024 *\/\n.elementor-heading-title{padding:0;margin:0;line-height:1}.elementor-widget-heading .elementor-heading-title[class*=elementor-size-]>a{color:inherit;font-size:inherit;line-height:inherit}.elementor-widget-heading .elementor-heading-title.elementor-size-small{font-size:15px}.elementor-widget-heading .elementor-heading-title.elementor-size-medium{font-size:19px}.elementor-widget-heading .elementor-heading-title.elementor-size-large{font-size:29px}.elementor-widget-heading .elementor-heading-title.elementor-size-xl{font-size:39px}.elementor-widget-heading .elementor-heading-title.elementor-size-xxl{font-size:59px}<\/style><h2 class=\"elementor-heading-title elementor-size-default\">La import\u00e0ncia de l'esport inclusiu<\/h2>\t\t<\/div>\n\t\t\t\t<\/div>\n\t\t\t\t<div class=\"elementor-element elementor-element-906c482 elementor-widget elementor-widget-heading\" data-id=\"906c482\" data-element_type=\"widget\" data-widget_type=\"heading.default\">\n\t\t\t\t<div class=\"elementor-widget-container\">\n\t\t\t<h3 class=\"elementor-heading-title elementor-size-default\">Promovent la participaci\u00f3 dels col\u00b7lectius m\u00e9s vulnerables<\/h3>\t\t<\/div>\n\t\t\t\t<\/div>\n\t\t\t\t<div class=\"elementor-element elementor-element-b2c2e06 elementor-widget elementor-widget-text-editor\" data-id=\"b2c2e06\" data-element_type=\"widget\" data-widget_type=\"text-editor.default\">\n\t\t\t\t<div class=\"elementor-widget-container\">\n\t\t\t<style>\/*! elementor - v3.21.0 - 20-05-2024 *\/\n.elementor-widget-text-editor.elementor-drop-cap-view-stacked .elementor-drop-cap{background-color:#69727d;color:#fff}.elementor-widget-text-editor.elementor-drop-cap-view-framed .elementor-drop-cap{color:#69727d;border:3px solid;background-color:transparent}.elementor-widget-text-editor:not(.elementor-drop-cap-view-default) .elementor-drop-cap{margin-top:8px}.elementor-widget-text-editor:not(.elementor-drop-cap-view-default) .elementor-drop-cap-letter{width:1em;height:1em}.elementor-widget-text-editor .elementor-drop-cap{float:left;text-align:center;line-height:1;font-size:50px}.elementor-widget-text-editor .elementor-drop-cap-letter{display:inline-block}<\/style>\t\t\t\t<p><span style=\"font-weight: 400;\">En un m\u00f3n on la inclusi\u00f3 i la igualtat haurien de ser valors fonamentals, l&#8217;esport inclusiu emergeix com una eina poderosa per a fomentar la participaci\u00f3 de tot el m\u00f3n, independentment de les seves capacitats o limitacions. En aquest sentit, \u00e9s essencial entendre la rellev\u00e0ncia de l&#8217;esport inclusiu i el seu impacte positiu en els col\u00b7lectius m\u00e9s exclosos de la nostra societat.<\/span><\/p>\n<p><span style=\"font-weight: 400;\">L&#8217;esport inclusiu es defineix per la seva capacitat per a acollir a persones de totes les edats i habilitats, eliminant barreres f\u00edsiques, socials i culturals que puguin impedir la seva participaci\u00f3. Des d&#8217;infants fins a adults, des de persones amb discapacitats f\u00edsiques o intel\u00b7lectuals fins aquells que enfronten desavantatges socioecon\u00f2mics, l&#8217;esport inclusiu ofereix oportunitats perqu\u00e8 tots gaudeixin dels beneficis de l&#8217;exercici f\u00edsic i la participaci\u00f3 en activitats esportives.<\/span><\/p>\n\t\t\t\t\t\t<\/div>\n\t\t\t\t<\/div>\n\t\t\t\t<div class=\"elementor-element elementor-element-ed8c5cb elementor-widget elementor-widget-spacer\" data-id=\"ed8c5cb\" data-element_type=\"widget\" data-widget_type=\"spacer.default\">\n\t\t\t\t<div class=\"elementor-widget-container\">\n\t\t\t<style>\/*! elementor - v3.21.0 - 20-05-2024 *\/\n.elementor-column .elementor-spacer-inner{height:var(--spacer-size)}.e-con{--container-widget-width:100%}.e-con-inner>.elementor-widget-spacer,.e-con>.elementor-widget-spacer{width:var(--container-widget-width,var(--spacer-size));--align-self:var(--container-widget-align-self,initial);--flex-shrink:0}.e-con-inner>.elementor-widget-spacer>.elementor-widget-container,.e-con>.elementor-widget-spacer>.elementor-widget-container{height:100%;width:100%}.e-con-inner>.elementor-widget-spacer>.elementor-widget-container>.elementor-spacer,.e-con>.elementor-widget-spacer>.elementor-widget-container>.elementor-spacer{height:100%}.e-con-inner>.elementor-widget-spacer>.elementor-widget-container>.elementor-spacer>.elementor-spacer-inner,.e-con>.elementor-widget-spacer>.elementor-widget-container>.elementor-spacer>.elementor-spacer-inner{height:var(--container-widget-height,var(--spacer-size))}.e-con-inner>.elementor-widget-spacer.elementor-widget-empty,.e-con>.elementor-widget-spacer.elementor-widget-empty{position:relative;min-height:22px;min-width:22px}.e-con-inner>.elementor-widget-spacer.elementor-widget-empty .elementor-widget-empty-icon,.e-con>.elementor-widget-spacer.elementor-widget-empty .elementor-widget-empty-icon{position:absolute;top:0;bottom:0;left:0;right:0;margin:auto;padding:0;width:22px;height:22px}<\/style>\t\t<div class=\"elementor-spacer\">\n\t\t\t<div class=\"elementor-spacer-inner\"><\/div>\n\t\t<\/div>\n\t\t\t\t<\/div>\n\t\t\t\t<\/div>\n\t\t\t\t<div class=\"elementor-element elementor-element-29dfecb elementor-widget elementor-widget-spacer\" data-id=\"29dfecb\" data-element_type=\"widget\" data-widget_type=\"spacer.default\">\n\t\t\t\t<div class=\"elementor-widget-container\">\n\t\t\t\t\t<div class=\"elementor-spacer\">\n\t\t\t<div class=\"elementor-spacer-inner\"><\/div>\n\t\t<\/div>\n\t\t\t\t<\/div>\n\t\t\t\t<\/div>\n\t\t\t\t<section class=\"elementor-section elementor-inner-section elementor-element elementor-element-d42595a elementor-section-boxed elementor-section-height-default elementor-section-height-default\" data-id=\"d42595a\" data-element_type=\"section\">\n\t\t\t\t\t\t<div class=\"elementor-container elementor-column-gap-extended\">\n\t\t\t\t\t<div class=\"elementor-column elementor-col-50 elementor-inner-column elementor-element elementor-element-738b38f\" data-id=\"738b38f\" data-element_type=\"column\">\n\t\t\t<div class=\"elementor-widget-wrap elementor-element-populated\">\n\t\t\t\t\t\t<div class=\"elementor-element elementor-element-fffa8a0 elementor-widget elementor-widget-image\" data-id=\"fffa8a0\" data-element_type=\"widget\" data-widget_type=\"image.default\">\n\t\t\t\t<div class=\"elementor-widget-container\">\n\t\t\t\t\t\t\t\t\t\t\t\t\t<img decoding=\"async\" width=\"2560\" height=\"1707\" src=\"https:\/\/livetoride.es\/wp-content\/uploads\/2023\/12\/Copia-de-Copia-de-LTR_Marbella-04-scaled.webp\" class=\"attachment-full size-full wp-image-6126\" alt=\"Surfskate deporte inclusivo\" srcset=\"https:\/\/livetoride.es\/wp-content\/uploads\/2023\/12\/Copia-de-Copia-de-LTR_Marbella-04-scaled.webp 2560w, https:\/\/livetoride.es\/wp-content\/uploads\/2023\/12\/Copia-de-Copia-de-LTR_Marbella-04-300x200.webp 300w, https:\/\/livetoride.es\/wp-content\/uploads\/2023\/12\/Copia-de-Copia-de-LTR_Marbella-04-1024x683.webp 1024w, https:\/\/livetoride.es\/wp-content\/uploads\/2023\/12\/Copia-de-Copia-de-LTR_Marbella-04-768x512.webp 768w, https:\/\/livetoride.es\/wp-content\/uploads\/2023\/12\/Copia-de-Copia-de-LTR_Marbella-04-1536x1024.webp 1536w, https:\/\/livetoride.es\/wp-content\/uploads\/2023\/12\/Copia-de-Copia-de-LTR_Marbella-04-2048x1365.webp 2048w\" sizes=\"(max-width: 2560px) 100vw, 2560px\" \/>\t\t\t\t\t\t\t\t\t\t\t\t\t<\/div>\n\t\t\t\t<\/div>\n\t\t\t\t\t<\/div>\n\t\t<\/div>\n\t\t\t\t<div class=\"elementor-column elementor-col-50 elementor-inner-column elementor-element elementor-element-8ca93e5\" data-id=\"8ca93e5\" data-element_type=\"column\">\n\t\t\t<div class=\"elementor-widget-wrap elementor-element-populated\">\n\t\t\t\t\t\t<div class=\"elementor-element elementor-element-456cdef elementor-widget elementor-widget-image\" data-id=\"456cdef\" data-element_type=\"widget\" data-widget_type=\"image.default\">\n\t\t\t\t<div class=\"elementor-widget-container\">\n\t\t\t\t\t\t\t\t\t\t\t\t\t<img decoding=\"async\" width=\"1600\" height=\"1066\" src=\"https:\/\/livetoride.es\/wp-content\/uploads\/2024\/01\/actividades-eventos-de-promocion-deportiva.webp\" class=\"attachment-full size-full wp-image-6154\" alt=\"\" srcset=\"https:\/\/livetoride.es\/wp-content\/uploads\/2024\/01\/actividades-eventos-de-promocion-deportiva.webp 1600w, https:\/\/livetoride.es\/wp-content\/uploads\/2024\/01\/actividades-eventos-de-promocion-deportiva-300x200.webp 300w, https:\/\/livetoride.es\/wp-content\/uploads\/2024\/01\/actividades-eventos-de-promocion-deportiva-1024x682.webp 1024w, https:\/\/livetoride.es\/wp-content\/uploads\/2024\/01\/actividades-eventos-de-promocion-deportiva-768x512.webp 768w, https:\/\/livetoride.es\/wp-content\/uploads\/2024\/01\/actividades-eventos-de-promocion-deportiva-1536x1023.webp 1536w\" sizes=\"(max-width: 1600px) 100vw, 1600px\" \/>\t\t\t\t\t\t\t\t\t\t\t\t\t<\/div>\n\t\t\t\t<\/div>\n\t\t\t\t\t<\/div>\n\t\t<\/div>\n\t\t\t\t\t<\/div>\n\t\t<\/section>\n\t\t\t\t<div class=\"elementor-element elementor-element-6627443 elementor-widget elementor-widget-spacer\" data-id=\"6627443\" data-element_type=\"widget\" data-widget_type=\"spacer.default\">\n\t\t\t\t<div class=\"elementor-widget-container\">\n\t\t\t\t\t<div class=\"elementor-spacer\">\n\t\t\t<div class=\"elementor-spacer-inner\"><\/div>\n\t\t<\/div>\n\t\t\t\t<\/div>\n\t\t\t\t<\/div>\n\t\t\t\t<div class=\"elementor-element elementor-element-709f17a elementor-widget elementor-widget-heading\" data-id=\"709f17a\" data-element_type=\"widget\" data-widget_type=\"heading.default\">\n\t\t\t\t<div class=\"elementor-widget-container\">\n\t\t\t<h3 class=\"elementor-heading-title elementor-size-default\">El Surfskate com a eina d'inclusi\u00f3<\/h3>\t\t<\/div>\n\t\t\t\t<\/div>\n\t\t\t\t<div class=\"elementor-element elementor-element-49a49a8 elementor-widget elementor-widget-spacer\" data-id=\"49a49a8\" data-element_type=\"widget\" data-widget_type=\"spacer.default\">\n\t\t\t\t<div class=\"elementor-widget-container\">\n\t\t\t\t\t<div class=\"elementor-spacer\">\n\t\t\t<div class=\"elementor-spacer-inner\"><\/div>\n\t\t<\/div>\n\t\t\t\t<\/div>\n\t\t\t\t<\/div>\n\t\t\t\t<div class=\"elementor-element elementor-element-094a1af elementor-widget elementor-widget-text-editor\" data-id=\"094a1af\" data-element_type=\"widget\" data-widget_type=\"text-editor.default\">\n\t\t\t\t<div class=\"elementor-widget-container\">\n\t\t\t\t\t\t\t<p><span style=\"font-weight: 400;\">Una dels principals avantatges de l&#8217;esport inclusiu \u00e9s la seva capacitat per a promoure la integraci\u00f3 social i el sentit de pertinen\u00e7a. En participar en activitats esportives al costat de persones de diferents or\u00edgens i habilitats, es fomenta el respecte mutu, l&#8217;empatia i la comprensi\u00f3, creant un ambient on totes les persones se sentin valorades i acceptades.<\/span><\/p>\n<p><span style=\"font-weight: 400;\">A m\u00e9s, l&#8217;esport contribueix al benestar f\u00edsic i mental dels participants. L&#8217;activitat f\u00edsica regular no sols millora la salut cardiovascular i enforteix el sistema immunol\u00f2gic, sin\u00f3 que tamb\u00e9 ajuda a reduir l&#8217;estr\u00e8s, l&#8217;ansietat i la depressi\u00f3. Per a molts col\u00b7lectius, l&#8217;acc\u00e9s a l&#8217;esport no sols significa millorar la seva condici\u00f3 f\u00edsica, sin\u00f3 tamb\u00e9 enfortir la seva autoestima i confian\u00e7a en si mateixos.<\/span><\/p>\n<p><span style=\"font-weight: 400;\">\u00c9s important destacar que no es tracta nom\u00e9s d&#8217;adaptar les instal\u00b7lacions i equips esportius, sin\u00f3 tamb\u00e9 de promoure una cultura d&#8217;inclusi\u00f3 i diversitat en totes les \u00e0rees de l&#8217;esport, des de la planificaci\u00f3 de programes fins a la formaci\u00f3 d&#8217;entrenadors i la sensibilitzaci\u00f3 de la comunitat. <\/span><\/p>\n<p><span style=\"font-weight: 400;\">En Live To Ride creiem que el surfskate \u00e9s una gran eina d&#8217;inclusi\u00f3. El fet que cada participant gaudeixi de despla\u00e7ar-se en el monopat\u00ed de la forma que m\u00e9s li agradi, obre les portes al fet que tothom pugui formar part d&#8217;aquest esport. No hi ha faltes, ni penalitzacions, solament la taula i la teva gaudint de totes les sensacions que aquesta et brinda.<\/span><\/p>\n\t\t\t\t\t\t<\/div>\n\t\t\t\t<\/div>\n\t\t\t\t<div class=\"elementor-element elementor-element-99f17a9 elementor-widget elementor-widget-spacer\" data-id=\"99f17a9\" data-element_type=\"widget\" data-widget_type=\"spacer.default\">\n\t\t\t\t<div class=\"elementor-widget-container\">\n\t\t\t\t\t<div class=\"elementor-spacer\">\n\t\t\t<div class=\"elementor-spacer-inner\"><\/div>\n\t\t<\/div>\n\t\t\t\t<\/div>\n\t\t\t\t<\/div>\n\t\t\t\t<div class=\"elementor-element elementor-element-1b4f4c6 elementor-widget elementor-widget-spacer\" data-id=\"1b4f4c6\" data-element_type=\"widget\" data-widget_type=\"spacer.default\">\n\t\t\t\t<div class=\"elementor-widget-container\">\n\t\t\t\t\t<div class=\"elementor-spacer\">\n\t\t\t<div class=\"elementor-spacer-inner\"><\/div>\n\t\t<\/div>\n\t\t\t\t<\/div>\n\t\t\t\t<\/div>\n\t\t\t\t<div class=\"elementor-element elementor-element-5497ea9 elementor-widget elementor-widget-text-editor\" data-id=\"5497ea9\" data-element_type=\"widget\" data-widget_type=\"text-editor.default\">\n\t\t\t\t<div class=\"elementor-widget-container\">\n\t\t\t\t\t\t\t<blockquote>\n<blockquote>\n<p>\u201c<span>En l&#8217;esport inclusiu, trenquem barreres i constru\u00efm ponts cap a la vict\u00f2ria, on cada persona, sense importar la seva vulnerabilitat, troba el seu lloc en el podi de l&#8217;\u00e8xit.<\/span>\u201d<br \/><cite>&#8211; POL GARC\u00cdA<\/cite><\/p>\n<\/blockquote>\n<\/blockquote>\n\t\t\t\t\t\t<\/div>\n\t\t\t\t<\/div>\n\t\t\t\t<div class=\"elementor-element elementor-element-1a78959 elementor-widget elementor-widget-spacer\" data-id=\"1a78959\" data-element_type=\"widget\" data-widget_type=\"spacer.default\">\n\t\t\t\t<div class=\"elementor-widget-container\">\n\t\t\t\t\t<div class=\"elementor-spacer\">\n\t\t\t<div class=\"elementor-spacer-inner\"><\/div>\n\t\t<\/div>\n\t\t\t\t<\/div>\n\t\t\t\t<\/div>\n\t\t\t\t<div class=\"elementor-element elementor-element-cd6fcd0 elementor-widget elementor-widget-text-editor\" data-id=\"cd6fcd0\" data-element_type=\"widget\" data-widget_type=\"text-editor.default\">\n\t\t\t\t<div class=\"elementor-widget-container\">\n\t\t\t\t\t\t\t<p><span style=\"font-weight: 400;\">En resum, l&#8217;esport inclusiu exerceix un paper fonamental en la construcci\u00f3 d&#8217;una societat m\u00e9s justa i equitativa, on tots tenen l&#8217;oportunitat de participar i prosperar. En recon\u00e8ixer i valorar les habilitats i contribucions de cada individu, podem treballar junts per a superar les barreres que perpetuen l&#8217;exclusi\u00f3 i crear un m\u00f3n on la diversitat sigui celebrada i respectada en tots els \u00e0mbits de la vida.<\/span><\/p>\n<h3 style=\"text-align: center;\"><span style=\"font-weight: 400;\">Salut i surfskate fam\u00edlia!<\/span><\/h3>\n\t\t\t\t\t\t<\/div>\n\t\t\t\t<\/div>\n\t\t\t\t\t<\/div>\n\t\t<\/div>\n\t\t\t\t\t<\/div>\n\t\t<\/section>\n\t\t\t\t<section class=\"elementor-section elementor-top-section elementor-element elementor-element-1b35933 elementor-section-boxed elementor-section-height-default elementor-section-height-default\" data-id=\"1b35933\" data-element_type=\"section\">\n\t\t\t\t\t\t<div class=\"elementor-container elementor-column-gap-default\">\n\t\t\t\t\t<div class=\"elementor-column elementor-col-100 elementor-top-column elementor-element elementor-element-71bf500\" data-id=\"71bf500\" data-element_type=\"column\">\n\t\t\t<div class=\"elementor-widget-wrap elementor-element-populated\">\n\t\t\t\t\t\t<div class=\"elementor-element elementor-element-d14f717 elementor-widget elementor-widget-spacer\" data-id=\"d14f717\" data-element_type=\"widget\" data-widget_type=\"spacer.default\">\n\t\t\t\t<div class=\"elementor-widget-container\">\n\t\t\t\t\t<div class=\"elementor-spacer\">\n\t\t\t<div class=\"elementor-spacer-inner\"><\/div>\n\t\t<\/div>\n\t\t\t\t<\/div>\n\t\t\t\t<\/div>\n\t\t\t\t\t<\/div>\n\t\t<\/div>\n\t\t\t\t\t<\/div>\n\t\t<\/section>\n\t\t\t\t<\/div>\n\t\t","protected":false},"excerpt":{"rendered":"<p>La import\u00e0ncia de l&#8217;esport inclusiu Promovent la participaci\u00f3 dels col\u00b7lectius m\u00e9s vulnerables En un m\u00f3n on la inclusi\u00f3 i la igualtat haurien de ser valors fonamentals, l&#8217;esport inclusiu emergeix com una eina poderosa per a fomentar la participaci\u00f3 de tot el m\u00f3n, independentment de les seves capacitats o limitacions. En aquest sentit, \u00e9s essencial entendre [&hellip;]<\/p>\n","protected":false},"author":1,"featured_media":6416,"comment_status":"open","ping_status":"open","sticky":false,"template":"elementor_header_footer","format":"standard","meta":{"footnotes":""},"categories":[90],"tags":[],"class_list":["post-6460","post","type-post","status-publish","format-standard","has-post-thumbnail","hentry","category-esport-inclusiu"],"yoast_head":"<!-- This site is optimized with the Yoast SEO plugin v22.7 - https:\/\/yoast.com\/wordpress\/plugins\/seo\/ -->\n<title>La import\u00e0ncia de l&#039;esport inclusiu: Promovent la participaci\u00f3 dels col\u00b7lectius m\u00e9s vulnerables - Live to Ride<\/title>\n<meta name=\"robots\" content=\"noindex, follow\" \/>\n<meta property=\"og:locale\" content=\"ca_ES\" \/>\n<meta property=\"og:type\" content=\"article\" \/>\n<meta property=\"og:title\" content=\"La import\u00e0ncia de l&#039;esport inclusiu: Promovent la participaci\u00f3 dels col\u00b7lectius m\u00e9s vulnerables - Live to Ride\" \/>\n<meta property=\"og:description\" content=\"La import\u00e0ncia de l&#8217;esport inclusiu Promovent la participaci\u00f3 dels col\u00b7lectius m\u00e9s vulnerables En un m\u00f3n on la inclusi\u00f3 i la igualtat haurien de ser valors fonamentals, l&#8217;esport inclusiu emergeix com una eina poderosa per a fomentar la participaci\u00f3 de tot el m\u00f3n, independentment de les seves capacitats o limitacions. En aquest sentit, \u00e9s essencial entendre [&hellip;]\" \/>\n<meta property=\"og:url\" content=\"https:\/\/livetoride.es\/ca\/2020\/02\/21\/importancia-esport-inclusiu-2\/\" \/>\n<meta property=\"og:site_name\" content=\"Live to Ride\" \/>\n<meta property=\"article:published_time\" content=\"2020-02-21T22:01:15+00:00\" \/>\n<meta property=\"article:modified_time\" content=\"2024-05-23T08:34:26+00:00\" \/>\n<meta property=\"og:image\" content=\"https:\/\/livetoride.es\/wp-content\/uploads\/2020\/02\/blog-deporte-inclusivo-surfskate.webp\" \/>\n\t<meta property=\"og:image:width\" content=\"1170\" \/>\n\t<meta property=\"og:image:height\" content=\"755\" \/>\n\t<meta property=\"og:image:type\" content=\"image\/webp\" \/>\n<meta name=\"author\" content=\"admin\" \/>\n<meta name=\"twitter:card\" content=\"summary_large_image\" \/>\n<meta name=\"twitter:label1\" content=\"Escrit per\" \/>\n\t<meta name=\"twitter:data1\" content=\"admin\" \/>\n\t<meta name=\"twitter:label2\" content=\"Temps estimat de lectura\" \/>\n\t<meta name=\"twitter:data2\" content=\"4 minuts\" \/>\n<script type=\"application\/ld+json\" class=\"yoast-schema-graph\">{\"@context\":\"https:\/\/schema.org\",\"@graph\":[{\"@type\":\"WebPage\",\"@id\":\"https:\/\/livetoride.es\/ca\/2020\/02\/21\/importancia-esport-inclusiu-2\/\",\"url\":\"https:\/\/livetoride.es\/ca\/2020\/02\/21\/importancia-esport-inclusiu-2\/\",\"name\":\"La import\u00e0ncia de l'esport inclusiu: Promovent la participaci\u00f3 dels col\u00b7lectius m\u00e9s vulnerables - Live to Ride\",\"isPartOf\":{\"@id\":\"https:\/\/livetoride.es\/ca\/#website\"},\"primaryImageOfPage\":{\"@id\":\"https:\/\/livetoride.es\/ca\/2020\/02\/21\/importancia-esport-inclusiu-2\/#primaryimage\"},\"image\":{\"@id\":\"https:\/\/livetoride.es\/ca\/2020\/02\/21\/importancia-esport-inclusiu-2\/#primaryimage\"},\"thumbnailUrl\":\"https:\/\/livetoride.es\/wp-content\/uploads\/2020\/02\/blog-deporte-inclusivo-surfskate.webp\",\"datePublished\":\"2020-02-21T22:01:15+00:00\",\"dateModified\":\"2024-05-23T08:34:26+00:00\",\"author\":{\"@id\":\"https:\/\/livetoride.es\/ca\/#\/schema\/person\/15912bc961d8535442c19c40a8c778a4\"},\"breadcrumb\":{\"@id\":\"https:\/\/livetoride.es\/ca\/2020\/02\/21\/importancia-esport-inclusiu-2\/#breadcrumb\"},\"inLanguage\":\"ca\",\"potentialAction\":[{\"@type\":\"ReadAction\",\"target\":[\"https:\/\/livetoride.es\/ca\/2020\/02\/21\/importancia-esport-inclusiu-2\/\"]}]},{\"@type\":\"ImageObject\",\"inLanguage\":\"ca\",\"@id\":\"https:\/\/livetoride.es\/ca\/2020\/02\/21\/importancia-esport-inclusiu-2\/#primaryimage\",\"url\":\"https:\/\/livetoride.es\/wp-content\/uploads\/2020\/02\/blog-deporte-inclusivo-surfskate.webp\",\"contentUrl\":\"https:\/\/livetoride.es\/wp-content\/uploads\/2020\/02\/blog-deporte-inclusivo-surfskate.webp\",\"width\":1170,\"height\":755,\"caption\":\"Deporte inclusivo Surfskate\"},{\"@type\":\"BreadcrumbList\",\"@id\":\"https:\/\/livetoride.es\/ca\/2020\/02\/21\/importancia-esport-inclusiu-2\/#breadcrumb\",\"itemListElement\":[{\"@type\":\"ListItem\",\"position\":1,\"name\":\"Portada\",\"item\":\"https:\/\/livetoride.es\/ca\/\"},{\"@type\":\"ListItem\",\"position\":2,\"name\":\"La import\u00e0ncia de l&#8217;esport inclusiu: Promovent la participaci\u00f3 dels col\u00b7lectius m\u00e9s vulnerables\"}]},{\"@type\":\"WebSite\",\"@id\":\"https:\/\/livetoride.es\/ca\/#website\",\"url\":\"https:\/\/livetoride.es\/ca\/\",\"name\":\"Live to Ride\",\"description\":\"My WordPress Blog\",\"potentialAction\":[{\"@type\":\"SearchAction\",\"target\":{\"@type\":\"EntryPoint\",\"urlTemplate\":\"https:\/\/livetoride.es\/ca\/?s={search_term_string}\"},\"query-input\":\"required name=search_term_string\"}],\"inLanguage\":\"ca\"},{\"@type\":\"Person\",\"@id\":\"https:\/\/livetoride.es\/ca\/#\/schema\/person\/15912bc961d8535442c19c40a8c778a4\",\"name\":\"admin\",\"image\":{\"@type\":\"ImageObject\",\"inLanguage\":\"ca\",\"@id\":\"https:\/\/livetoride.es\/ca\/#\/schema\/person\/image\/\",\"url\":\"https:\/\/secure.gravatar.com\/avatar\/a9f9ae341ae3791e7e0f6f84af2fe876ba9bca0d042d9c157259511e3fb04ce4?s=96&d=mm&r=g\",\"contentUrl\":\"https:\/\/secure.gravatar.com\/avatar\/a9f9ae341ae3791e7e0f6f84af2fe876ba9bca0d042d9c157259511e3fb04ce4?s=96&d=mm&r=g\",\"caption\":\"admin\"},\"sameAs\":[\"https:\/\/livetoride.es\"]}]}<\/script>\n<!-- \/ Yoast SEO plugin. -->","yoast_head_json":{"title":"La import\u00e0ncia de l'esport inclusiu: Promovent la participaci\u00f3 dels col\u00b7lectius m\u00e9s vulnerables - Live to Ride","robots":{"index":"noindex","follow":"follow"},"og_locale":"ca_ES","og_type":"article","og_title":"La import\u00e0ncia de l'esport inclusiu: Promovent la participaci\u00f3 dels col\u00b7lectius m\u00e9s vulnerables - Live to Ride","og_description":"La import\u00e0ncia de l&#8217;esport inclusiu Promovent la participaci\u00f3 dels col\u00b7lectius m\u00e9s vulnerables En un m\u00f3n on la inclusi\u00f3 i la igualtat haurien de ser valors fonamentals, l&#8217;esport inclusiu emergeix com una eina poderosa per a fomentar la participaci\u00f3 de tot el m\u00f3n, independentment de les seves capacitats o limitacions. En aquest sentit, \u00e9s essencial entendre [&hellip;]","og_url":"https:\/\/livetoride.es\/ca\/2020\/02\/21\/importancia-esport-inclusiu-2\/","og_site_name":"Live to Ride","article_published_time":"2020-02-21T22:01:15+00:00","article_modified_time":"2024-05-23T08:34:26+00:00","og_image":[{"width":1170,"height":755,"url":"https:\/\/livetoride.es\/wp-content\/uploads\/2020\/02\/blog-deporte-inclusivo-surfskate.webp","type":"image\/webp"}],"author":"admin","twitter_card":"summary_large_image","twitter_misc":{"Escrit per":"admin","Temps estimat de lectura":"4 minuts"},"schema":{"@context":"https:\/\/schema.org","@graph":[{"@type":"WebPage","@id":"https:\/\/livetoride.es\/ca\/2020\/02\/21\/importancia-esport-inclusiu-2\/","url":"https:\/\/livetoride.es\/ca\/2020\/02\/21\/importancia-esport-inclusiu-2\/","name":"La import\u00e0ncia de l'esport inclusiu: Promovent la participaci\u00f3 dels col\u00b7lectius m\u00e9s vulnerables - Live to Ride","isPartOf":{"@id":"https:\/\/livetoride.es\/ca\/#website"},"primaryImageOfPage":{"@id":"https:\/\/livetoride.es\/ca\/2020\/02\/21\/importancia-esport-inclusiu-2\/#primaryimage"},"image":{"@id":"https:\/\/livetoride.es\/ca\/2020\/02\/21\/importancia-esport-inclusiu-2\/#primaryimage"},"thumbnailUrl":"https:\/\/livetoride.es\/wp-content\/uploads\/2020\/02\/blog-deporte-inclusivo-surfskate.webp","datePublished":"2020-02-21T22:01:15+00:00","dateModified":"2024-05-23T08:34:26+00:00","author":{"@id":"https:\/\/livetoride.es\/ca\/#\/schema\/person\/15912bc961d8535442c19c40a8c778a4"},"breadcrumb":{"@id":"https:\/\/livetoride.es\/ca\/2020\/02\/21\/importancia-esport-inclusiu-2\/#breadcrumb"},"inLanguage":"ca","potentialAction":[{"@type":"ReadAction","target":["https:\/\/livetoride.es\/ca\/2020\/02\/21\/importancia-esport-inclusiu-2\/"]}]},{"@type":"ImageObject","inLanguage":"ca","@id":"https:\/\/livetoride.es\/ca\/2020\/02\/21\/importancia-esport-inclusiu-2\/#primaryimage","url":"https:\/\/livetoride.es\/wp-content\/uploads\/2020\/02\/blog-deporte-inclusivo-surfskate.webp","contentUrl":"https:\/\/livetoride.es\/wp-content\/uploads\/2020\/02\/blog-deporte-inclusivo-surfskate.webp","width":1170,"height":755,"caption":"Deporte inclusivo Surfskate"},{"@type":"BreadcrumbList","@id":"https:\/\/livetoride.es\/ca\/2020\/02\/21\/importancia-esport-inclusiu-2\/#breadcrumb","itemListElement":[{"@type":"ListItem","position":1,"name":"Portada","item":"https:\/\/livetoride.es\/ca\/"},{"@type":"ListItem","position":2,"name":"La import\u00e0ncia de l&#8217;esport inclusiu: Promovent la participaci\u00f3 dels col\u00b7lectius m\u00e9s vulnerables"}]},{"@type":"WebSite","@id":"https:\/\/livetoride.es\/ca\/#website","url":"https:\/\/livetoride.es\/ca\/","name":"Live to Ride","description":"My WordPress Blog","potentialAction":[{"@type":"SearchAction","target":{"@type":"EntryPoint","urlTemplate":"https:\/\/livetoride.es\/ca\/?s={search_term_string}"},"query-input":"required name=search_term_string"}],"inLanguage":"ca"},{"@type":"Person","@id":"https:\/\/livetoride.es\/ca\/#\/schema\/person\/15912bc961d8535442c19c40a8c778a4","name":"admin","image":{"@type":"ImageObject","inLanguage":"ca","@id":"https:\/\/livetoride.es\/ca\/#\/schema\/person\/image\/","url":"https:\/\/secure.gravatar.com\/avatar\/a9f9ae341ae3791e7e0f6f84af2fe876ba9bca0d042d9c157259511e3fb04ce4?s=96&d=mm&r=g","contentUrl":"https:\/\/secure.gravatar.com\/avatar\/a9f9ae341ae3791e7e0f6f84af2fe876ba9bca0d042d9c157259511e3fb04ce4?s=96&d=mm&r=g","caption":"admin"},"sameAs":["https:\/\/livetoride.es"]}]}},"_links":{"self":[{"href":"https:\/\/livetoride.es\/ca\/wp-json\/wp\/v2\/posts\/6460","targetHints":{"allow":["GET"]}}],"collection":[{"href":"https:\/\/livetoride.es\/ca\/wp-json\/wp\/v2\/posts"}],"about":[{"href":"https:\/\/livetoride.es\/ca\/wp-json\/wp\/v2\/types\/post"}],"author":[{"embeddable":true,"href":"https:\/\/livetoride.es\/ca\/wp-json\/wp\/v2\/users\/1"}],"replies":[{"embeddable":true,"href":"https:\/\/livetoride.es\/ca\/wp-json\/wp\/v2\/comments?post=6460"}],"version-history":[{"count":9,"href":"https:\/\/livetoride.es\/ca\/wp-json\/wp\/v2\/posts\/6460\/revisions"}],"predecessor-version":[{"id":6486,"href":"https:\/\/livetoride.es\/ca\/wp-json\/wp\/v2\/posts\/6460\/revisions\/6486"}],"wp:featuredmedia":[{"embeddable":true,"href":"https:\/\/livetoride.es\/ca\/wp-json\/wp\/v2\/media\/6416"}],"wp:attachment":[{"href":"https:\/\/livetoride.es\/ca\/wp-json\/wp\/v2\/media?parent=6460"}],"wp:term":[{"taxonomy":"category","embeddable":true,"href":"https:\/\/livetoride.es\/ca\/wp-json\/wp\/v2\/categories?post=6460"},{"taxonomy":"post_tag","embeddable":true,"href":"https:\/\/livetoride.es\/ca\/wp-json\/wp\/v2\/tags?post=6460"}],"curies":[{"name":"wp","href":"https:\/\/api.w.org\/{rel}","templated":true}]}}